{"id":2443,"date":"2016-04-16T08:28:02","date_gmt":"2016-04-16T06:28:02","guid":{"rendered":"http:\/\/picco-carpe-culturas.com\/?p=2443"},"modified":"2018-01-08T17:18:22","modified_gmt":"2018-01-08T15:18:22","slug":"interkulturelles-training-fuer-asylhelferinnen","status":"publish","type":"post","link":"http:\/\/picco-cl-cc.de\/1788\/blog\/2016\/04\/16\/interkulturelles-training-fuer-asylhelferinnen\/","title":{"rendered":"Interkulturelles Training f\u00fcr AsylhelferInnen"},"content":{"rendered":"<p>Am Samstag, den 4. Juni 2016, bietet der <a href=\"http:\/\/www.asylhelferkreisneubeuern.org\" target=\"_blank\">Asylhelferkreis Neubeuern<\/a> f\u00fcr seine ehrenamtlichen Helferinnen und Helfer einen interkulturellen Workshop an. Die wichtigsten Fragestellungen werden sein:<\/p>\n<ul>\n<li>Was ist Kultur?<\/li>\n<li>Inwieweit pr\u00e4gt sie uns?<\/li>\n<li>Welche Auswirkung hat Kultur auf unseren Kommunikationsstil?<\/li>\n<li>Wie sollen wir mit kulturellen Unterschieden umgehen ?<\/li>\n<\/ul>\n<p>Geleitet wird der Workshop von Giulia Giardina und <a href=\"http:\/\/picco-cl-cc.de\/1788\/blog\/2013\/03\/27\/regina-prokopetz-6\/\" target=\"_blank\">Regina Prokopetz<\/a> MA, zwei ausgebildeten interkulturellen Trainerinnen mit pers\u00f6nlicher Erfahrung im Umgang mit Gefl\u00fcchteten.<\/p>\n<p>Ziel ist es, den Teilnehmenden R\u00fcstzeug f\u00fcr den Umgang mit Menschen aus anderen Kulturen an die Hand zu geben und sie so in ihrem Ehrenamt zu st\u00e4rken.<\/p>\n<p>Voraussichtliche Uhrzeit: 10:00 Uhr bis 14:00 Uhr<br \/>\nVoraussichtlicher Veranstaltungsort: Pfarrheim Neubeuern<\/p>\n<p>Die Teilnahme am Workshop ist f\u00fcr aktuelle und potentielle AsylhelferInnen kostenfrei.<\/p>\n<p>R\u00fcckfragen und Anmeldungen bitte an regina.prokopetz@picco-carpe-culturas.com bzw. unter 08035-99044<\/p>\n","protected":false},"excerpt":{"rendered":"<p>Am Samstag, den 4. Juni 2016, bietet der Asylhelferkreis Neubeuern f\u00fcr seine ehrenamtlichen Helferinnen und Helfer einen interkulturellen Workshop an. Die wichtigsten Fragestellungen werden sein: Was ist Kultur? Inwieweit pr\u00e4gt sie uns? Welche Auswirkung hat Kultur auf unseren Kommunikationsstil? Wie sollen wir mit kulturellen Unterschieden umgehen ? Geleitet wird der Workshop von Giulia Giardina und [&hellip;]<\/p>\n","protected":false},"author":2,"featured_media":0,"comment_status":"open","ping_status":"open","sticky":false,"template":"","format":"standard","meta":[],"categories":[48],"tags":[],"_links":{"self":[{"href":"http:\/\/picco-cl-cc.de\/1788\/wp-json\/wp\/v2\/posts\/2443"}],"collection":[{"href":"http:\/\/picco-cl-cc.de\/1788\/wp-json\/wp\/v2\/posts"}],"about":[{"href":"http:\/\/picco-cl-cc.de\/1788\/wp-json\/wp\/v2\/types\/post"}],"author":[{"embeddable":true,"href":"http:\/\/picco-cl-cc.de\/1788\/wp-json\/wp\/v2\/users\/2"}],"replies":[{"embeddable":true,"href":"http:\/\/picco-cl-cc.de\/1788\/wp-json\/wp\/v2\/comments?post=2443"}],"version-history":[{"count":2,"href":"http:\/\/picco-cl-cc.de\/1788\/wp-json\/wp\/v2\/posts\/2443\/revisions"}],"predecessor-version":[{"id":2480,"href":"http:\/\/picco-cl-cc.de\/1788\/wp-json\/wp\/v2\/posts\/2443\/revisions\/2480"}],"wp:attachment":[{"href":"http:\/\/picco-cl-cc.de\/1788\/wp-json\/wp\/v2\/media?parent=2443"}],"wp:term":[{"taxonomy":"category","embeddable":true,"href":"http:\/\/picco-cl-cc.de\/1788\/wp-json\/wp\/v2\/categories?post=2443"},{"taxonomy":"post_tag","embeddable":true,"href":"http:\/\/picco-cl-cc.de\/1788\/wp-json\/wp\/v2\/tags?post=2443"}],"curies":[{"name":"wp","href":"https:\/\/api.w.org\/{rel}","templated":true}]}}